{"id":1645,"date":"2021-04-30T11:21:33","date_gmt":"2021-04-30T09:21:33","guid":{"rendered":"https:\/\/les-ateliers-dalex.fr\/?p=1645"},"modified":"2026-01-16T14:17:23","modified_gmt":"2026-01-16T13:17:23","slug":"la-location","status":"publish","type":"post","link":"https:\/\/les-ateliers-dalex.fr\/?p=1645","title":{"rendered":"La Location"},"content":{"rendered":"\n<p class=\"has-text-align-center\">Je propose un service de location des outils de portage que je poss\u00e8de dans ma porte-b\u00e9b\u00e9-th\u00e8que.<\/p>\n\n\n\n<p>Vous trouverez la liste de ces outils <a rel=\"noreferrer noopener\" href=\"https:\/\/les-ateliers-dalex.fr\/?page_id=1564\" target=\"_blank\">ici <\/a>.<\/p>\n\n\n\n<div class=\"wp-block-image\"><figure class=\"aligncenter size-large is-resized\"><img loading=\"lazy\" decoding=\"async\" src=\"https:\/\/les-ateliers-dalex.fr\/wp-content\/uploads\/2025\/12\/011bis-995x1024.jpg\" alt=\"\" class=\"wp-image-2150\" width=\"442\" height=\"454\" srcset=\"https:\/\/les-ateliers-dalex.fr\/wp-content\/uploads\/2025\/12\/011bis-995x1024.jpg 995w, https:\/\/les-ateliers-dalex.fr\/wp-content\/uploads\/2025\/12\/011bis-292x300.jpg 292w, https:\/\/les-ateliers-dalex.fr\/wp-content\/uploads\/2025\/12\/011bis-768x790.jpg 768w, https:\/\/les-ateliers-dalex.fr\/wp-content\/uploads\/2025\/12\/011bis-1493x1536.jpg 1493w, https:\/\/les-ateliers-dalex.fr\/wp-content\/uploads\/2025\/12\/011bis-1990x2048.jpg 1990w\" sizes=\"auto, (max-width: 442px) 100vw, 442px\" \/><\/figure><\/div>\n\n\n\n<h4 class=\"wp-block-heading\">Tarifs des locations<\/h4>\n\n\n\n<p class=\"has-text-align-center\">Tous mes outils de portage sont lou\u00e9s au prix de<strong> 5 Euros<\/strong> la semaine, <strong>15 Euros<\/strong> le mois. Un ch\u00e8que de caution ( de la valeur de l&rsquo;outil de portage neuf vous sera demand\u00e9).<\/p>\n\n\n\n<h4 class=\"wp-block-heading\">Conditions de location<\/h4>\n\n\n\n<p class=\"has-text-align-center\">Lorsque vous souhaitez savoir si un outil de portage est disponible, pour louer un outil de portage, ou bien pour me poser toutes les questions que vous avez relatives \u00e0 la location je vous invite \u00e0 me contacter via ce formulaire. <\/p>\n\n\n\n<div class=\"wp-block-contact-form-7-contact-form-selector\"><div role=\"form\" class=\"wpcf7\" id=\"wpcf7-f1649-o1\" lang=\"fr-FR\" dir=\"ltr\">\n<div class=\"screen-reader-response\"><p role=\"status\" aria-live=\"polite\" aria-atomic=\"true\"><\/p> <ul><\/ul><\/div>\n<form action=\"\/index.php?rest_route=%2Fwp%2Fv2%2Fposts%2F1645#wpcf7-f1649-o1\" method=\"post\" class=\"wpcf7-form init\" novalidate=\"novalidate\" data-status=\"init\">\n<div style=\"display: none;\">\n<input type=\"hidden\" name=\"_wpcf7\" value=\"1649\" \/>\n<input type=\"hidden\" name=\"_wpcf7_version\" value=\"5.5.3\" \/>\n<input type=\"hidden\" name=\"_wpcf7_locale\" value=\"fr_FR\" \/>\n<input type=\"hidden\" name=\"_wpcf7_unit_tag\" value=\"wpcf7-f1649-o1\" \/>\n<input type=\"hidden\" name=\"_wpcf7_container_post\" value=\"0\" \/>\n<input type=\"hidden\" name=\"_wpcf7_posted_data_hash\" value=\"\" \/>\n<\/div>\n<p><label> Votre nom<br \/>\n    <span class=\"wpcf7-form-control-wrap your-name\"><input type=\"text\" name=\"your-name\" value=\"\" size=\"40\" class=\"wpcf7-form-control wpcf7-text wpcf7-validates-as-required\" aria-required=\"true\" aria-invalid=\"false\" \/><\/span> <\/label><\/p>\n<p><label> Votre e-mail<br \/>\n    <span class=\"wpcf7-form-control-wrap your-email\"><input type=\"email\" name=\"your-email\" value=\"\" size=\"40\" class=\"wpcf7-form-control wpcf7-text wpcf7-email wpcf7-validates-as-required wpcf7-validates-as-email\" aria-required=\"true\" aria-invalid=\"false\" \/><\/span> <\/label><\/p>\n<p><label> Objet<br \/>\n    <span class=\"wpcf7-form-control-wrap your-subject\"><input type=\"text\" name=\"your-subject\" value=\"\" size=\"40\" class=\"wpcf7-form-control wpcf7-text wpcf7-validates-as-required\" aria-required=\"true\" aria-invalid=\"false\" \/><\/span> <\/label><\/p>\n<p><label> Votre message (facultatif)<br \/>\n    <span class=\"wpcf7-form-control-wrap your-message\"><textarea name=\"your-message\" cols=\"40\" rows=\"10\" class=\"wpcf7-form-control wpcf7-textarea\" aria-invalid=\"false\"><\/textarea><\/span> <\/label><\/p>\n<p><input type=\"submit\" value=\"Envoyer\" class=\"wpcf7-form-control has-spinner wpcf7-submit\" \/><\/p>\n<p style=\"display: none !important;\" class=\"akismet-fields-container\" data-prefix=\"_wpcf7_ak_\"><label>&#916;<textarea name=\"_wpcf7_ak_hp_textarea\" cols=\"45\" rows=\"8\" maxlength=\"100\"><\/textarea><\/label><input type=\"hidden\" id=\"ak_js_1\" name=\"_wpcf7_ak_js\" value=\"122\"\/><script>\ndocument.getElementById( \"ak_js_1\" ).setAttribute( \"value\", ( new Date() ).getTime() );\n<\/script>\n<\/p><div class=\"wpcf7-response-output\" aria-hidden=\"true\"><\/div><\/form><\/div><\/div>\n\n\n\n<p class=\"has-text-align-center\">Vous pouvez soit r\u00e9cup\u00e9rer l&rsquo;outil de portage directement \u00e0 mon domicile ( Estaing 12), ou bien je peux vous l&rsquo;envoyer via Mondial Relay ( frais de port \u00e0 votre charge) .<\/p>\n\n\n\n<div class=\"wp-block-image\"><figure class=\"aligncenter size-large is-resized\"><img loading=\"lazy\" decoding=\"async\" src=\"https:\/\/les-ateliers-dalex.fr\/wp-content\/uploads\/2020\/04\/A65CE1F6-9602-498F-BD60-8DEB000318B9-1024x1024.jpeg\" alt=\"\" class=\"wp-image-697\" width=\"401\" height=\"401\" srcset=\"https:\/\/les-ateliers-dalex.fr\/wp-content\/uploads\/2020\/04\/A65CE1F6-9602-498F-BD60-8DEB000318B9-1024x1024.jpeg 1024w, https:\/\/les-ateliers-dalex.fr\/wp-content\/uploads\/2020\/04\/A65CE1F6-9602-498F-BD60-8DEB000318B9-150x150.jpeg 150w, https:\/\/les-ateliers-dalex.fr\/wp-content\/uploads\/2020\/04\/A65CE1F6-9602-498F-BD60-8DEB000318B9-300x300.jpeg 300w, https:\/\/les-ateliers-dalex.fr\/wp-content\/uploads\/2020\/04\/A65CE1F6-9602-498F-BD60-8DEB000318B9-768x768.jpeg 768w, https:\/\/les-ateliers-dalex.fr\/wp-content\/uploads\/2020\/04\/A65CE1F6-9602-498F-BD60-8DEB000318B9-100x100.jpeg 100w, https:\/\/les-ateliers-dalex.fr\/wp-content\/uploads\/2020\/04\/A65CE1F6-9602-498F-BD60-8DEB000318B9.jpeg 1440w\" sizes=\"auto, (max-width: 401px) 100vw, 401px\" \/><\/figure><\/div>\n\n\n\n<div class=\"wp-block-image\"><figure class=\"aligncenter size-large is-resized\"><img loading=\"lazy\" decoding=\"async\" src=\"https:\/\/les-ateliers-dalex.fr\/wp-content\/uploads\/2020\/04\/AFD566B8-891B-45DF-8029-583C8D60E71E.jpeg\" alt=\"\" class=\"wp-image-791\" width=\"275\" height=\"111\" srcset=\"https:\/\/les-ateliers-dalex.fr\/wp-content\/uploads\/2020\/04\/AFD566B8-891B-45DF-8029-583C8D60E71E.jpeg 500w, https:\/\/les-ateliers-dalex.fr\/wp-content\/uploads\/2020\/04\/AFD566B8-891B-45DF-8029-583C8D60E71E-300x121.jpeg 300w\" sizes=\"auto, (max-width: 275px) 100vw, 275px\" \/><\/figure><\/div>\n","protected":false},"excerpt":{"rendered":"<p>Je propose un service de location des outils de portage que je poss\u00e8de dans ma porte-b\u00e9b\u00e9-th\u00e8que. Vous trouverez la liste de ces outils ici . Tarifs des locations Tous mes outils de portage sont lou\u00e9s au prix de 5 Euros la semaine, 15 Euros le mois. Un ch\u00e8que de caution ( de la valeur de &hellip; <\/p>\n<p class=\"link-more\"><a href=\"https:\/\/les-ateliers-dalex.fr\/?p=1645\" class=\"more-link\">Continuer la lecture<span class=\"screen-reader-text\"> de &laquo;&nbsp;La Location&nbsp;&raquo;<\/span><\/a><\/p>\n","protected":false},"author":1,"featured_media":0,"comment_status":"open","ping_status":"open","sticky":false,"template":"","format":"standard","meta":{"footnotes":""},"categories":[2,5],"tags":[],"class_list":["post-1645","post","type-post","status-publish","format-standard","hentry","category-accompagnement","category-portage-physiologique"],"_links":{"self":[{"href":"https:\/\/les-ateliers-dalex.fr\/index.php?rest_route=\/wp\/v2\/posts\/1645","targetHints":{"allow":["GET"]}}],"collection":[{"href":"https:\/\/les-ateliers-dalex.fr\/index.php?rest_route=\/wp\/v2\/posts"}],"about":[{"href":"https:\/\/les-ateliers-dalex.fr\/index.php?rest_route=\/wp\/v2\/types\/post"}],"author":[{"embeddable":true,"href":"https:\/\/les-ateliers-dalex.fr\/index.php?rest_route=\/wp\/v2\/users\/1"}],"replies":[{"embeddable":true,"href":"https:\/\/les-ateliers-dalex.fr\/index.php?rest_route=%2Fwp%2Fv2%2Fcomments&post=1645"}],"version-history":[{"count":9,"href":"https:\/\/les-ateliers-dalex.fr\/index.php?rest_route=\/wp\/v2\/posts\/1645\/revisions"}],"predecessor-version":[{"id":2151,"href":"https:\/\/les-ateliers-dalex.fr\/index.php?rest_route=\/wp\/v2\/posts\/1645\/revisions\/2151"}],"wp:attachment":[{"href":"https:\/\/les-ateliers-dalex.fr\/index.php?rest_route=%2Fwp%2Fv2%2Fmedia&parent=1645"}],"wp:term":[{"taxonomy":"category","embeddable":true,"href":"https:\/\/les-ateliers-dalex.fr\/index.php?rest_route=%2Fwp%2Fv2%2Fcategories&post=1645"},{"taxonomy":"post_tag","embeddable":true,"href":"https:\/\/les-ateliers-dalex.fr\/index.php?rest_route=%2Fwp%2Fv2%2Ftags&post=1645"}],"curies":[{"name":"wp","href":"https:\/\/api.w.org\/{rel}","templated":true}]}}